{"id":367,"date":"2023-10-04T00:00:28","date_gmt":"2023-10-04T03:00:28","guid":{"rendered":"https:\/\/www.clubearamacan.com.br\/tuneldotempo\/?p=367"},"modified":"2023-10-06T14:34:00","modified_gmt":"2023-10-06T17:34:00","slug":"decada-de-2020","status":"publish","type":"post","link":"https:\/\/www.clubearamacan.com.br\/tuneldotempo\/decada-de-2020\/","title":{"rendered":"D\u00e9cada de 2020"},"content":{"rendered":"<section class=\"wpb-content-wrapper\">\r\n<p>&nbsp;<\/p>\r\nA d\u00e9cada de 2020 come\u00e7ou com um dos maiores desafios enfrentados pelo Arama\u00e7an em seus 89 anos de hist\u00f3ria. Pela primeira vez, desde sua funda\u00e7\u00e3o o Clube fechou as portas para seus associados no dia 15 de mar\u00e7o de 2020 devido a pandemia de Covid-19. A partir daquele momento, muito trabalho foi feito para o retorno seguro dos associados as suas atividades.<\/p>\r\n<p>[\/vc_column_text][\/vc_column][\/vc_row][vc_row][vc_column width=&#8221;1\/4&#8243;][vc_column_text]<\/p>\r\n<p><img decoding=\"async\" loading=\"lazy\" class=\"wp-image-374\" src=\"https:\/\/www.clubearamacan.com.br\/tuneldotempo\/wp-content\/uploads\/2023\/05\/IMG_9690-1-960x640.jpg\" alt=\"\" width=\"323\" height=\"215\" srcset=\"https:\/\/www.clubearamacan.com.br\/tuneldotempo\/wp-content\/uploads\/2023\/05\/IMG_9690-1-960x640.jpg 960w, https:\/\/www.clubearamacan.com.br\/tuneldotempo\/wp-content\/uploads\/2023\/05\/IMG_9690-1-595x397.jpg 595w, https:\/\/www.clubearamacan.com.br\/tuneldotempo\/wp-content\/uploads\/2023\/05\/IMG_9690-1-768x512.jpg 768w, https:\/\/www.clubearamacan.com.br\/tuneldotempo\/wp-content\/uploads\/2023\/05\/IMG_9690-1-1536x1024.jpg 1536w, https:\/\/www.clubearamacan.com.br\/tuneldotempo\/wp-content\/uploads\/2023\/05\/IMG_9690-1-2048x1365.jpg 2048w\" sizes=\"(max-width: 323px) 100vw, 323px\" \/><\/p>\r\n<p>&nbsp;<\/p>\r\n<p><img decoding=\"async\" loading=\"lazy\" class=\"wp-image-375\" src=\"https:\/\/www.clubearamacan.com.br\/tuneldotempo\/wp-content\/uploads\/2023\/05\/IMG_001-960x640.jpg\" alt=\"\" width=\"322\" height=\"214\" srcset=\"https:\/\/www.clubearamacan.com.br\/tuneldotempo\/wp-content\/uploads\/2023\/05\/IMG_001-960x640.jpg 960w, https:\/\/www.clubearamacan.com.br\/tuneldotempo\/wp-content\/uploads\/2023\/05\/IMG_001-595x397.jpg 595w, https:\/\/www.clubearamacan.com.br\/tuneldotempo\/wp-content\/uploads\/2023\/05\/IMG_001-768x512.jpg 768w, https:\/\/www.clubearamacan.com.br\/tuneldotempo\/wp-content\/uploads\/2023\/05\/IMG_001-1536x1024.jpg 1536w, https:\/\/www.clubearamacan.com.br\/tuneldotempo\/wp-content\/uploads\/2023\/05\/IMG_001-2048x1365.jpg 2048w\" sizes=\"(max-width: 322px) 100vw, 322px\" \/><\/p>\r\n<p>[\/vc_column_text][\/vc_column][vc_column width=&#8221;3\/4&#8243;][vc_column_text]<\/p>\r\n<p>\r\n\r\nEm abril de 2022 a chapa Vida Arama\u00e7an \u00e9 eleita com 1162 votos. No dia 1\u00ba de maio, tomaram posse Ruberlei Chaves (presidente), Carlos Roberto de Souza (1\u00ba vice-presidente) e Paulo Galv\u00e3o (2\u00ba vice-presidente). Com o in\u00edcio da gest\u00e3o acontece a retomada dos eventos tradicionais do Arama\u00e7an p\u00f3s-pandemia como: Festa Junina, Baile de Anivers\u00e1rio, Festa da Primavera, Bloco do Peru, Carnaval e Baile Havaiano.<\/p>\r\n\r\n<p>&nbsp;<\/p>\r\n<!-- wp:image {\"id\":374,\"width\":323,\"height\":215,\"sizeSlug\":\"large\",\"linkDestination\":\"none\"} -->\r\n<figure class=\"wp-block-image size-large is-resized\"><\/figure>\r\n<p><!-- wp:image {\"align\":\"left\",\"id\":375,\"width\":322,\"height\":214,\"sizeSlug\":\"large\",\"linkDestination\":\"none\"} --><!-- \/wp:image -->\u00a0<\/p>\r\n<p><!-- wp:paragraph --><!-- \/wp:paragraph -->\u00a0<\/p>\r\n<p><!-- wp:paragraph --><!-- \/wp:paragraph -->\u00a0<\/p>\r\n<p><!-- wp:paragraph --><!-- \/wp:paragraph -->\u00a0<\/p>\r\n<p><!-- wp:paragraph --><!-- \/wp:paragraph -->\u00a0<\/p>\r\n<p><!-- wp:paragraph --><!-- \/wp:paragraph -->\r\n\r\n<!-- wp:paragraph --><strong>Texto\/edi\u00e7\u00e3o\/foto: Peter Suzano<\/strong><\/p>\r\n<p><!-- \/wp:paragraph -->\u00a0<\/p>\r\n<p>[\/vc_column_text][\/vc_column][\/vc_row]<\/p><p>[vc_row][vc_column width=&#8221;1\/4&#8243;][vc_column_text]<\/p>\r\n<p><img decoding=\"async\" loading=\"lazy\" class=\"wp-image-378\" src=\"https:\/\/www.clubearamacan.com.br\/tuneldotempo\/wp-content\/uploads\/2023\/05\/IMG_8902-1-960x640.jpg\" alt=\"\" width=\"344\" height=\"229\" srcset=\"https:\/\/www.clubearamacan.com.br\/tuneldotempo\/wp-content\/uploads\/2023\/05\/IMG_8902-1-960x640.jpg 960w, https:\/\/www.clubearamacan.com.br\/tuneldotempo\/wp-content\/uploads\/2023\/05\/IMG_8902-1-595x397.jpg 595w, https:\/\/www.clubearamacan.com.br\/tuneldotempo\/wp-content\/uploads\/2023\/05\/IMG_8902-1-768x512.jpg 768w, https:\/\/www.clubearamacan.com.br\/tuneldotempo\/wp-content\/uploads\/2023\/05\/IMG_8902-1-1536x1024.jpg 1536w, https:\/\/www.clubearamacan.com.br\/tuneldotempo\/wp-content\/uploads\/2023\/05\/IMG_8902-1-2048x1365.jpg 2048w\" sizes=\"(max-width: 344px) 100vw, 344px\" \/><\/p>\r\n<p>[\/vc_column_text][\/vc_column][vc_column width=&#8221;3\/4&#8243;][vc_column_text]<\/p>\r\n<p>A d\u00e9cada de 2020 come\u00e7ou com um dos maiores desafios enfrentados pelo Arama\u00e7an em seus 89 anos de hist\u00f3ria. Pela primeira vez, desde sua funda\u00e7\u00e3o o Clube fechou as portas para seus associados no dia 15 de mar\u00e7o de 2020 devido a pandemia de Covid-19. A partir daquele momento, muito trabalho foi feito para o retorno seguro dos associados as suas atividades.<\/p>\r\n<p>[\/vc_column_text][\/vc_column][\/vc_row][vc_row][vc_column width=&#8221;1\/4&#8243;][vc_column_text]<\/p>\r\n<p><img decoding=\"async\" loading=\"lazy\" class=\"wp-image-374\" src=\"https:\/\/www.clubearamacan.com.br\/tuneldotempo\/wp-content\/uploads\/2023\/05\/IMG_9690-1-960x640.jpg\" alt=\"\" width=\"323\" height=\"215\" srcset=\"https:\/\/www.clubearamacan.com.br\/tuneldotempo\/wp-content\/uploads\/2023\/05\/IMG_9690-1-960x640.jpg 960w, https:\/\/www.clubearamacan.com.br\/tuneldotempo\/wp-content\/uploads\/2023\/05\/IMG_9690-1-595x397.jpg 595w, https:\/\/www.clubearamacan.com.br\/tuneldotempo\/wp-content\/uploads\/2023\/05\/IMG_9690-1-768x512.jpg 768w, https:\/\/www.clubearamacan.com.br\/tuneldotempo\/wp-content\/uploads\/2023\/05\/IMG_9690-1-1536x1024.jpg 1536w, https:\/\/www.clubearamacan.com.br\/tuneldotempo\/wp-content\/uploads\/2023\/05\/IMG_9690-1-2048x1365.jpg 2048w\" sizes=\"(max-width: 323px) 100vw, 323px\" \/><\/p>\r\n<p>&nbsp;<\/p>\r\n<p><img decoding=\"async\" loading=\"lazy\" class=\"wp-image-375\" src=\"https:\/\/www.clubearamacan.com.br\/tuneldotempo\/wp-content\/uploads\/2023\/05\/IMG_001-960x640.jpg\" alt=\"\" width=\"322\" height=\"214\" srcset=\"https:\/\/www.clubearamacan.com.br\/tuneldotempo\/wp-content\/uploads\/2023\/05\/IMG_001-960x640.jpg 960w, https:\/\/www.clubearamacan.com.br\/tuneldotempo\/wp-content\/uploads\/2023\/05\/IMG_001-595x397.jpg 595w, https:\/\/www.clubearamacan.com.br\/tuneldotempo\/wp-content\/uploads\/2023\/05\/IMG_001-768x512.jpg 768w, https:\/\/www.clubearamacan.com.br\/tuneldotempo\/wp-content\/uploads\/2023\/05\/IMG_001-1536x1024.jpg 1536w, https:\/\/www.clubearamacan.com.br\/tuneldotempo\/wp-content\/uploads\/2023\/05\/IMG_001-2048x1365.jpg 2048w\" sizes=\"(max-width: 322px) 100vw, 322px\" \/><\/p>\r\n<p>[\/vc_column_text][\/vc_column][vc_column width=&#8221;3\/4&#8243;][vc_column_text]<!-- wp:paragraph --><\/p>\r\n<p><!-- wp:image {\"id\":378,\"width\":344,\"height\":229,\"sizeSlug\":\"large\",\"linkDestination\":\"none\"} --><!-- \/wp:image -->\r\n\r\n<!-- wp:paragraph -->Em abril de 2022 a chapa Vida Arama\u00e7an \u00e9 eleita com 1162 votos. No dia 1\u00ba de maio, tomaram posse Ruberlei Chaves (presidente), Carlos Roberto de Souza (1\u00ba vice-presidente) e Paulo Galv\u00e3o (2\u00ba vice-presidente). Com o in\u00edcio da gest\u00e3o acontece a retomada dos eventos tradicionais do Arama\u00e7an p\u00f3s-pandemia como: Festa Junina, Baile de Anivers\u00e1rio, Festa da Primavera, Bloco do Peru, Carnaval e Baile Havaiano.<\/p>\r\n<!-- \/wp:paragraph -->\r\n<p>&nbsp;<\/p>\r\n<!-- wp:image {\"id\":374,\"width\":323,\"height\":215,\"sizeSlug\":\"large\",\"linkDestination\":\"none\"} -->\r\n<figure class=\"wp-block-image size-large is-resized\"><\/figure>\r\n<p><!-- wp:image {\"align\":\"left\",\"id\":375,\"width\":322,\"height\":214,\"sizeSlug\":\"large\",\"linkDestination\":\"none\"} --><!-- \/wp:image -->\u00a0<\/p>\r\n<p><!-- wp:paragraph --><!-- \/wp:paragraph -->\u00a0<\/p>\r\n<p><!-- wp:paragraph --><!-- \/wp:paragraph -->\u00a0<\/p>\r\n<p><!-- wp:paragraph --><!-- \/wp:paragraph -->\u00a0<\/p>\r\n<p><!-- wp:paragraph --><!-- \/wp:paragraph -->\u00a0<\/p>\r\n<p><!-- wp:paragraph --><!-- \/wp:paragraph -->\r\n\r\n<!-- wp:paragraph --><strong>Texto\/edi\u00e7\u00e3o\/foto: Peter Suzano<\/strong><\/p>\r\n<p><!-- \/wp:paragraph -->\u00a0<\/p>\r\n<p>[\/vc_column_text][\/vc_column][\/vc_row]<\/p><\/section>","protected":false},"excerpt":{"rendered":"<p>&nbsp; &nbsp; A d\u00e9cada de 2020 come\u00e7ou com um dos maiores desafios enfrentados pelo Arama\u00e7an em seus 89 anos de hist\u00f3ria. Pela primeira vez, desde sua funda\u00e7\u00e3o o Clube fechou as portas para seus associados no dia 15 de mar\u00e7o de 2020 devido a pandemia de Covid-19. A partir daquele momento, muito trabalho foi feito&hellip;<\/p>\n","protected":false},"author":3,"featured_media":368,"comment_status":"open","ping_status":"open","sticky":false,"template":"","format":"standard","meta":{"footnotes":""},"categories":[4],"tags":[],"_links":{"self":[{"href":"https:\/\/www.clubearamacan.com.br\/tuneldotempo\/wp-json\/wp\/v2\/posts\/367"}],"collection":[{"href":"https:\/\/www.clubearamacan.com.br\/tuneldotempo\/wp-json\/wp\/v2\/posts"}],"about":[{"href":"https:\/\/www.clubearamacan.com.br\/tuneldotempo\/wp-json\/wp\/v2\/types\/post"}],"author":[{"embeddable":true,"href":"https:\/\/www.clubearamacan.com.br\/tuneldotempo\/wp-json\/wp\/v2\/users\/3"}],"replies":[{"embeddable":true,"href":"https:\/\/www.clubearamacan.com.br\/tuneldotempo\/wp-json\/wp\/v2\/comments?post=367"}],"version-history":[{"count":11,"href":"https:\/\/www.clubearamacan.com.br\/tuneldotempo\/wp-json\/wp\/v2\/posts\/367\/revisions"}],"predecessor-version":[{"id":412,"href":"https:\/\/www.clubearamacan.com.br\/tuneldotempo\/wp-json\/wp\/v2\/posts\/367\/revisions\/412"}],"wp:featuredmedia":[{"embeddable":true,"href":"https:\/\/www.clubearamacan.com.br\/tuneldotempo\/wp-json\/wp\/v2\/media\/368"}],"wp:attachment":[{"href":"https:\/\/www.clubearamacan.com.br\/tuneldotempo\/wp-json\/wp\/v2\/media?parent=367"}],"wp:term":[{"taxonomy":"category","embeddable":true,"href":"https:\/\/www.clubearamacan.com.br\/tuneldotempo\/wp-json\/wp\/v2\/categories?post=367"},{"taxonomy":"post_tag","embeddable":true,"href":"https:\/\/www.clubearamacan.com.br\/tuneldotempo\/wp-json\/wp\/v2\/tags?post=367"}],"curies":[{"name":"wp","href":"https:\/\/api.w.org\/{rel}","templated":true}]}}